{"id":999,"date":"2025-07-17T15:44:33","date_gmt":"2025-07-17T15:44:33","guid":{"rendered":"https:\/\/zaklada-zora.hr\/?p=999"},"modified":"2025-07-17T15:44:33","modified_gmt":"2025-07-17T15:44:33","slug":"lokalne-zajednice-strateski-planiraju-odrzivu-buducnost","status":"publish","type":"post","link":"https:\/\/zaklada-zora.hr\/en\/2025\/07\/17\/lokalne-zajednice-strateski-planiraju-odrzivu-buducnost\/","title":{"rendered":"Lokalne zajednice strate\u0161ki planiraju odr\u017eivu budu\u0107nost"},"content":{"rendered":"<p data-start=\"144\" data-end=\"402\">U okviru programa <em data-start=\"162\" data-end=\"185\">Community Potentials<\/em>, \u010diji je nositelj Nacionalna zaklada za razvoj civilnoga dru\u0161tva, odr\u017eani su radni sastanci s predstavnicima gradova uklju\u010denih u program. Fokus sastanaka bio je na strate\u0161kom razvoju i odr\u017eivosti lokalnih zajednica.<\/p>\n<p data-start=\"404\" data-end=\"720\">Me\u0111u gradovima sudionicima su i <strong data-start=\"443\" data-end=\"474\">Karlovac, Slunj i Duga Resa<\/strong>, iz Karlova\u010dke \u017eupanije, s kojima Zaklada ZORA sura\u0111uje u okviru i3.0 Strate\u0161kog partnerstva. Razgovaralo se o potrebama lokalne zajednice, budu\u0107im pravcima razvoja te mogu\u0107nostima uklju\u010divanja gra\u0111ana u oblikovanje odr\u017eivih inicijativa.<\/p>\n<p data-start=\"404\" data-end=\"720\">U radu sastanaka sudjelovali su i predstavnici i3.o strate\u0161kih partnera: <strong data-start=\"691\" data-end=\"709\">EURAC Research<\/strong> (Italija) i <strong data-start=\"723\" data-end=\"748\">Relatomics Foundation<\/strong> (JAR), koji su svojim iskustvima i me\u0111unarodnom perspektivom dodatno obogatili razmjenu ideja i primjera dobre prakse.<\/p>\n<p data-start=\"722\" data-end=\"850\">Ovi sastanci predstavljaju va\u017ean korak u izgradnji zajednica koje promi\u010du vrijednosti suradnje, solidarnosti i odr\u017eivog razvoja.<\/p>\n<p data-start=\"852\" data-end=\"1116\">Vi\u0161e o programu mo\u017eete pro\u010ditati na stranicama Nacionalne zaklade:<br data-start=\"918\" data-end=\"921\" \/>\ud83d\udd17 <a class=\"\" href=\"https:\/\/zaklada.civilnodrustvo.hr\/news\/odrzani-sastanci-s-gradovima-ukljucenim-u-program-potencijali-zajednice-na-teme-strateskog-razvoja-i-odrzivosti-lokalnih-zajednica\" target=\"_new\" rel=\"noopener\" data-start=\"924\" data-end=\"1116\">Poveznica na \u010dlanak<\/a><\/p>","protected":false},"excerpt":{"rendered":"<p>U okviru programa Potencijali zajednice, \u010diji je nositelj Nacionalna zaklada za razvoj civilnoga dru\u0161tva, odr\u017eani su radni sastanci s predstavnicima gradova uklju\u010denih u program. Fokus sastanaka bio je na strate\u0161kom razvoju i odr\u017eivosti lokalnih zajednica. Me\u0111u gradovima sudionicima su i Karlovac, Slunj i Duga Resa, iz Karlova\u010dke \u017eupanije, s kojima Zaklada ZORA sura\u0111uje u okviru [&hellip;]<\/p>","protected":false},"author":3,"featured_media":1000,"comment_status":"open","ping_status":"open","sticky":false,"template":"","format":"standard","meta":{"footnotes":""},"categories":[8],"tags":[],"class_list":["post-999","post","type-post","status-publish","format-standard","has-post-thumbnail","hentry","category-stratesko-partnerstvo"],"_links":{"self":[{"href":"https:\/\/zaklada-zora.hr\/en\/wp-json\/wp\/v2\/posts\/999","targetHints":{"allow":["GET"]}}],"collection":[{"href":"https:\/\/zaklada-zora.hr\/en\/wp-json\/wp\/v2\/posts"}],"about":[{"href":"https:\/\/zaklada-zora.hr\/en\/wp-json\/wp\/v2\/types\/post"}],"author":[{"embeddable":true,"href":"https:\/\/zaklada-zora.hr\/en\/wp-json\/wp\/v2\/users\/3"}],"replies":[{"embeddable":true,"href":"https:\/\/zaklada-zora.hr\/en\/wp-json\/wp\/v2\/comments?post=999"}],"version-history":[{"count":1,"href":"https:\/\/zaklada-zora.hr\/en\/wp-json\/wp\/v2\/posts\/999\/revisions"}],"predecessor-version":[{"id":1001,"href":"https:\/\/zaklada-zora.hr\/en\/wp-json\/wp\/v2\/posts\/999\/revisions\/1001"}],"wp:featuredmedia":[{"embeddable":true,"href":"https:\/\/zaklada-zora.hr\/en\/wp-json\/wp\/v2\/media\/1000"}],"wp:attachment":[{"href":"https:\/\/zaklada-zora.hr\/en\/wp-json\/wp\/v2\/media?parent=999"}],"wp:term":[{"taxonomy":"category","embeddable":true,"href":"https:\/\/zaklada-zora.hr\/en\/wp-json\/wp\/v2\/categories?post=999"},{"taxonomy":"post_tag","embeddable":true,"href":"https:\/\/zaklada-zora.hr\/en\/wp-json\/wp\/v2\/tags?post=999"}],"curies":[{"name":"wp","href":"https:\/\/api.w.org\/{rel}","templated":true}]}}