{"id":974,"date":"2025-06-13T10:02:00","date_gmt":"2025-06-13T10:02:00","guid":{"rendered":"https:\/\/zaklada-zora.hr\/?p=974"},"modified":"2025-06-13T10:02:19","modified_gmt":"2025-06-13T10:02:19","slug":"primjeri-dobre-prakse-iz-italije-poticaj-za-lokalne-zajednice","status":"publish","type":"post","link":"https:\/\/zaklada-zora.hr\/en\/2025\/06\/13\/primjeri-dobre-prakse-iz-italije-poticaj-za-lokalne-zajednice\/","title":{"rendered":"Primjeri dobre prakse iz Italije \u2013 poticaj za lokalne zajednice"},"content":{"rendered":"<p data-start=\"222\" data-end=\"524\">Sudionici programa <em data-start=\"241\" data-end=\"264\">Community Potentials<\/em> iz Slunja i Duga Rese \u2013 u\u010denici, osobe tre\u0107e \u017eivotne dobi i predstavnici lokalne uprave \u2013 sudjelovali su krajem svibnja 2025. na studijskom putovanju u talijansku Sienu, u organizaciji <a href=\"https:\/\/zaklada.civilnodrustvo.hr\/news\/studijski-posjet-sieni-u-okviru-programa-potencijali-zajednice\" target=\"_blank\" rel=\"noopener\">Nacionalne zaklade za razvoj civilnoga dru\u0161tva<\/a> i i3.0 strate\u0161kih partnera.<\/p>\n<p data-start=\"526\" data-end=\"823\">U okviru dvodnevnog programa, sudionici su se upoznali s radom <a href=\"https:\/\/www.fondazionemps.it\/\" target=\"_blank\" rel=\"noopener\">Fondacije Monte dei Paschi di Siena<\/a>, kulturnim centrima za starije osobe te Vije\u0107em mladih Siene, kroz tematske susrete, razmjenu ideja i iskustava. Svoje dojmove sa\u017eeli su u nekoliko inspirativnih misli koje s rado\u0161\u0107u dijelimo.<\/p>\n<p data-start=\"825\" data-end=\"1058\">Putovanje je dodatno osna\u017eilo me\u0111ugeneracijsku suradnju i motiviralo sudionike za daljnje djelovanje u lokalnoj zajednici. Iskustva, emocije i nova znanja koje su ponijeli sa sobom temelj su za budu\u0107e aktivnosti koje nas tek o\u010dekuju.<\/p>\n<p data-start=\"1060\" data-end=\"1122\">U nastavku pro\u010ditajte \u0161to su izjavili o dojmovima nakon studijskog putovanja:<\/p>\n<p data-start=\"1060\" data-end=\"1122\"><img fetchpriority=\"high\" decoding=\"async\" class=\"alignnone wp-image-975 size-full\" src=\"https:\/\/zaklada-zora.hr\/wp-content\/uploads\/2025\/06\/1.jpg\" alt=\"\" width=\"940\" height=\"788\" srcset=\"https:\/\/zaklada-zora.hr\/wp-content\/uploads\/2025\/06\/1.jpg 940w, https:\/\/zaklada-zora.hr\/wp-content\/uploads\/2025\/06\/1-300x251.jpg 300w, https:\/\/zaklada-zora.hr\/wp-content\/uploads\/2025\/06\/1-768x644.jpg 768w, https:\/\/zaklada-zora.hr\/wp-content\/uploads\/2025\/06\/1-14x12.jpg 14w\" sizes=\"(max-width: 940px) 100vw, 940px\" \/><\/p>\n<p data-start=\"1060\" data-end=\"1122\"><img decoding=\"async\" class=\"alignnone wp-image-979 size-full\" src=\"https:\/\/zaklada-zora.hr\/wp-content\/uploads\/2025\/06\/5.jpg\" alt=\"\" width=\"940\" height=\"788\" srcset=\"https:\/\/zaklada-zora.hr\/wp-content\/uploads\/2025\/06\/5.jpg 940w, https:\/\/zaklada-zora.hr\/wp-content\/uploads\/2025\/06\/5-300x251.jpg 300w, https:\/\/zaklada-zora.hr\/wp-content\/uploads\/2025\/06\/5-768x644.jpg 768w, https:\/\/zaklada-zora.hr\/wp-content\/uploads\/2025\/06\/5-14x12.jpg 14w\" sizes=\"(max-width: 940px) 100vw, 940px\" \/><\/p>\n<p data-start=\"1060\" data-end=\"1122\"><img decoding=\"async\" class=\"alignnone wp-image-980 size-full\" src=\"https:\/\/zaklada-zora.hr\/wp-content\/uploads\/2025\/06\/6.jpg\" alt=\"\" width=\"940\" height=\"788\" srcset=\"https:\/\/zaklada-zora.hr\/wp-content\/uploads\/2025\/06\/6.jpg 940w, https:\/\/zaklada-zora.hr\/wp-content\/uploads\/2025\/06\/6-300x251.jpg 300w, https:\/\/zaklada-zora.hr\/wp-content\/uploads\/2025\/06\/6-768x644.jpg 768w, https:\/\/zaklada-zora.hr\/wp-content\/uploads\/2025\/06\/6-14x12.jpg 14w\" sizes=\"(max-width: 940px) 100vw, 940px\" \/><\/p>\n<p data-start=\"1060\" data-end=\"1122\"><img loading=\"lazy\" decoding=\"async\" class=\"alignnone wp-image-976 size-full\" src=\"https:\/\/zaklada-zora.hr\/wp-content\/uploads\/2025\/06\/2.jpg\" alt=\"\" width=\"940\" height=\"788\" srcset=\"https:\/\/zaklada-zora.hr\/wp-content\/uploads\/2025\/06\/2.jpg 940w, https:\/\/zaklada-zora.hr\/wp-content\/uploads\/2025\/06\/2-300x251.jpg 300w, https:\/\/zaklada-zora.hr\/wp-content\/uploads\/2025\/06\/2-768x644.jpg 768w, https:\/\/zaklada-zora.hr\/wp-content\/uploads\/2025\/06\/2-14x12.jpg 14w\" sizes=\"(max-width: 940px) 100vw, 940px\" \/><\/p>\n<p data-start=\"1060\" data-end=\"1122\">","protected":false},"excerpt":{"rendered":"<p>Sudionici programa Potencijali zajednice iz Slunja i Duga Rese \u2013 u\u010denici, osobe tre\u0107e \u017eivotne dobi i predstavnici lokalne uprave \u2013 sudjelovali su krajem svibnja 2025. na studijskom putovanju u talijansku Sienu, u organizaciji Nacionalne zaklade za razvoj civilnoga dru\u0161tva i i3.0 strate\u0161kih partnera. U okviru dvodnevnog programa, sudionici su se upoznali s radom Fondacije Monte [&hellip;]<\/p>","protected":false},"author":3,"featured_media":977,"comment_status":"open","ping_status":"open","sticky":false,"template":"","format":"standard","meta":{"footnotes":""},"categories":[8],"tags":[],"class_list":["post-974","post","type-post","status-publish","format-standard","has-post-thumbnail","hentry","category-stratesko-partnerstvo"],"_links":{"self":[{"href":"https:\/\/zaklada-zora.hr\/en\/wp-json\/wp\/v2\/posts\/974","targetHints":{"allow":["GET"]}}],"collection":[{"href":"https:\/\/zaklada-zora.hr\/en\/wp-json\/wp\/v2\/posts"}],"about":[{"href":"https:\/\/zaklada-zora.hr\/en\/wp-json\/wp\/v2\/types\/post"}],"author":[{"embeddable":true,"href":"https:\/\/zaklada-zora.hr\/en\/wp-json\/wp\/v2\/users\/3"}],"replies":[{"embeddable":true,"href":"https:\/\/zaklada-zora.hr\/en\/wp-json\/wp\/v2\/comments?post=974"}],"version-history":[{"count":4,"href":"https:\/\/zaklada-zora.hr\/en\/wp-json\/wp\/v2\/posts\/974\/revisions"}],"predecessor-version":[{"id":984,"href":"https:\/\/zaklada-zora.hr\/en\/wp-json\/wp\/v2\/posts\/974\/revisions\/984"}],"wp:featuredmedia":[{"embeddable":true,"href":"https:\/\/zaklada-zora.hr\/en\/wp-json\/wp\/v2\/media\/977"}],"wp:attachment":[{"href":"https:\/\/zaklada-zora.hr\/en\/wp-json\/wp\/v2\/media?parent=974"}],"wp:term":[{"taxonomy":"category","embeddable":true,"href":"https:\/\/zaklada-zora.hr\/en\/wp-json\/wp\/v2\/categories?post=974"},{"taxonomy":"post_tag","embeddable":true,"href":"https:\/\/zaklada-zora.hr\/en\/wp-json\/wp\/v2\/tags?post=974"}],"curies":[{"name":"wp","href":"https:\/\/api.w.org\/{rel}","templated":true}]}}