{"id":930,"date":"2025-04-28T16:25:20","date_gmt":"2025-04-28T16:25:20","guid":{"rendered":"https:\/\/zaklada-zora.hr\/?p=930"},"modified":"2025-04-29T17:40:17","modified_gmt":"2025-04-29T17:40:17","slug":"tvornica-ideja-u-zadru","status":"publish","type":"post","link":"https:\/\/zaklada-zora.hr\/en\/2025\/04\/28\/tvornica-ideja-u-zadru\/","title":{"rendered":"Tvornica ideja u Zadru"},"content":{"rendered":"<p class=\"\" data-start=\"279\" data-end=\"541\"><strong data-start=\"347\" data-end=\"368\">Tvornica ideja odr\u017eana je 24. i 25. travnja<\/strong> u IMPACT centru u Zadru, u okviru programa <em data-start=\"412\" data-end=\"435\">Community Potentials<\/em>, koji provodi <a href=\"https:\/\/zaklada.civilnodrustvo.hr\/news\/odrzana-tvornica-ideja-u-okviru-programa-potencijali-zajednice\" target=\"_blank\" rel=\"noopener\"><strong data-start=\"450\" data-end=\"500\">Nacionalna zaklada za razvoj civilnoga dru\u0161tva<\/strong><\/a> kao dio <strong data-start=\"509\" data-end=\"540\">i3.0 Strate\u0161kog partnerstva<\/strong>.<\/p>\n<p class=\"\" data-start=\"543\" data-end=\"700\">Ovaj dvodnevni susret okupio je predstavnike <strong data-start=\"588\" data-end=\"614\">osam hrvatskih gradova<\/strong>, me\u0111u kojima su i gradovi iz Karlova\u010dke \u017eupanije \u2013 <strong data-start=\"666\" data-end=\"697\">Karlovac, Slunj i Duga Resa<\/strong>.<\/p>\n<p data-start=\"543\" data-end=\"700\"><img fetchpriority=\"high\" decoding=\"async\" class=\"alignnone wp-image-932 size-full\" src=\"https:\/\/zaklada-zora.hr\/wp-content\/uploads\/2025\/04\/20250424_151149-scaled-e1745943719713.jpg\" alt=\"Tvornica ideja Zadar 2025 1; i3.0 strate\u0161ko partnestvo\" width=\"2100\" height=\"1276\" srcset=\"https:\/\/zaklada-zora.hr\/wp-content\/uploads\/2025\/04\/20250424_151149-scaled-e1745943719713.jpg 2100w, https:\/\/zaklada-zora.hr\/wp-content\/uploads\/2025\/04\/20250424_151149-scaled-e1745943719713-300x182.jpg 300w, https:\/\/zaklada-zora.hr\/wp-content\/uploads\/2025\/04\/20250424_151149-scaled-e1745943719713-1024x622.jpg 1024w, https:\/\/zaklada-zora.hr\/wp-content\/uploads\/2025\/04\/20250424_151149-scaled-e1745943719713-768x467.jpg 768w, https:\/\/zaklada-zora.hr\/wp-content\/uploads\/2025\/04\/20250424_151149-scaled-e1745943719713-1536x933.jpg 1536w, https:\/\/zaklada-zora.hr\/wp-content\/uploads\/2025\/04\/20250424_151149-scaled-e1745943719713-2048x1244.jpg 2048w, https:\/\/zaklada-zora.hr\/wp-content\/uploads\/2025\/04\/20250424_151149-scaled-e1745943719713-18x12.jpg 18w\" sizes=\"(max-width: 2100px) 100vw, 2100px\" \/><\/p>\n<p class=\"\" data-start=\"702\" data-end=\"1097\">Predstavljene ideje\/inicijative nastale su kroz aktivnosti koje su prethodile Tvornici ideja \u2013 <strong data-start=\"785\" data-end=\"813\">sastanke i javne tribine<\/strong> u svakom od navedenih gradova, na kojima su u\u010denici srednjih \u0161kola i predstavnici tre\u0107e \u017eivotne dobi zajedno razvijali prijedloge za unaprje\u0111enje kvalitete \u017eivota u svojim lokalnim zajednicama. Zaklada Zora aktivno je sudjelovala kao podr\u0161ka u organizaciji i provedbi tih aktivnosti.<\/p>\n<p class=\"\" data-start=\"1099\" data-end=\"1322\"><strong data-start=\"1099\" data-end=\"1117\">Tvornica ideja<\/strong> bila je prilika za razmjenu iskustava, me\u0111ugeneracijsko u\u010denje i prezentaciju projekata koji mogu donijeti stvarne promjene \u2013 ne samo u lokalnim zajednicama, ve\u0107 i kao inspiracija na nacionalnoj razini.<\/p>\n<p class=\"\" data-start=\"1324\" data-end=\"1540\">Ponosni smo na sve sudionike, na iskrene ideje koje su predstavili i na energiju koju donose u svoje gradove. Veselimo se sljede\u0107im koracima i ostvarenju zajedni\u010dkih ciljeva u sklopu i3.0 Strate\u0161kog partnerstva. \ud83c\udf31<\/p>\n<div id='gallery-1' class='gallery galleryid-930 gallery-columns-3 gallery-size-medium'><figure class='gallery-item'>\n\t\t\t<div class='gallery-icon landscape'>\n\t\t\t\t<a href=\"https:\/\/zaklada-zora.hr\/en\/2025\/04\/28\/tvornica-ideja-u-zadru\/20250424_115607\/\"><img decoding=\"async\" width=\"300\" height=\"169\" src=\"https:\/\/zaklada-zora.hr\/wp-content\/uploads\/2025\/04\/20250424_115607-300x169.jpg\" class=\"attachment-medium size-medium\" alt=\"\" srcset=\"https:\/\/zaklada-zora.hr\/wp-content\/uploads\/2025\/04\/20250424_115607-300x169.jpg 300w, https:\/\/zaklada-zora.hr\/wp-content\/uploads\/2025\/04\/20250424_115607-1024x577.jpg 1024w, https:\/\/zaklada-zora.hr\/wp-content\/uploads\/2025\/04\/20250424_115607-768x432.jpg 768w, https:\/\/zaklada-zora.hr\/wp-content\/uploads\/2025\/04\/20250424_115607-1536x865.jpg 1536w, https:\/\/zaklada-zora.hr\/wp-content\/uploads\/2025\/04\/20250424_115607-2048x1153.jpg 2048w, https:\/\/zaklada-zora.hr\/wp-content\/uploads\/2025\/04\/20250424_115607-18x10.jpg 18w\" sizes=\"(max-width: 300px) 100vw, 300px\" \/><\/a>\n\t\t\t<\/div><\/figure><figure class='gallery-item'>\n\t\t\t<div class='gallery-icon landscape'>\n\t\t\t\t<a href=\"https:\/\/zaklada-zora.hr\/en\/2025\/04\/28\/tvornica-ideja-u-zadru\/20250424_120857\/\"><img decoding=\"async\" width=\"300\" height=\"169\" src=\"https:\/\/zaklada-zora.hr\/wp-content\/uploads\/2025\/04\/20250424_120857-300x169.jpg\" class=\"attachment-medium size-medium\" alt=\"\" srcset=\"https:\/\/zaklada-zora.hr\/wp-content\/uploads\/2025\/04\/20250424_120857-300x169.jpg 300w, https:\/\/zaklada-zora.hr\/wp-content\/uploads\/2025\/04\/20250424_120857-1024x577.jpg 1024w, https:\/\/zaklada-zora.hr\/wp-content\/uploads\/2025\/04\/20250424_120857-768x432.jpg 768w, https:\/\/zaklada-zora.hr\/wp-content\/uploads\/2025\/04\/20250424_120857-1536x865.jpg 1536w, https:\/\/zaklada-zora.hr\/wp-content\/uploads\/2025\/04\/20250424_120857-2048x1153.jpg 2048w, https:\/\/zaklada-zora.hr\/wp-content\/uploads\/2025\/04\/20250424_120857-18x10.jpg 18w\" sizes=\"(max-width: 300px) 100vw, 300px\" \/><\/a>\n\t\t\t<\/div><\/figure><figure class='gallery-item'>\n\t\t\t<div class='gallery-icon landscape'>\n\t\t\t\t<a href=\"https:\/\/zaklada-zora.hr\/en\/2025\/04\/28\/tvornica-ideja-u-zadru\/20250424_124336\/\"><img loading=\"lazy\" decoding=\"async\" width=\"300\" height=\"169\" src=\"https:\/\/zaklada-zora.hr\/wp-content\/uploads\/2025\/04\/20250424_124336-300x169.jpg\" class=\"attachment-medium size-medium\" alt=\"\" srcset=\"https:\/\/zaklada-zora.hr\/wp-content\/uploads\/2025\/04\/20250424_124336-300x169.jpg 300w, https:\/\/zaklada-zora.hr\/wp-content\/uploads\/2025\/04\/20250424_124336-1024x577.jpg 1024w, https:\/\/zaklada-zora.hr\/wp-content\/uploads\/2025\/04\/20250424_124336-768x432.jpg 768w, https:\/\/zaklada-zora.hr\/wp-content\/uploads\/2025\/04\/20250424_124336-1536x865.jpg 1536w, https:\/\/zaklada-zora.hr\/wp-content\/uploads\/2025\/04\/20250424_124336-2048x1153.jpg 2048w, https:\/\/zaklada-zora.hr\/wp-content\/uploads\/2025\/04\/20250424_124336-18x10.jpg 18w\" sizes=\"(max-width: 300px) 100vw, 300px\" \/><\/a>\n\t\t\t<\/div><\/figure><figure class='gallery-item'>\n\t\t\t<div class='gallery-icon landscape'>\n\t\t\t\t<a href=\"https:\/\/zaklada-zora.hr\/en\/2025\/04\/28\/tvornica-ideja-u-zadru\/20250425_110249\/\"><img loading=\"lazy\" decoding=\"async\" width=\"300\" height=\"169\" src=\"https:\/\/zaklada-zora.hr\/wp-content\/uploads\/2025\/04\/20250425_110249-300x169.jpg\" class=\"attachment-medium size-medium\" alt=\"\" srcset=\"https:\/\/zaklada-zora.hr\/wp-content\/uploads\/2025\/04\/20250425_110249-300x169.jpg 300w, https:\/\/zaklada-zora.hr\/wp-content\/uploads\/2025\/04\/20250425_110249-1024x577.jpg 1024w, https:\/\/zaklada-zora.hr\/wp-content\/uploads\/2025\/04\/20250425_110249-768x432.jpg 768w, https:\/\/zaklada-zora.hr\/wp-content\/uploads\/2025\/04\/20250425_110249-1536x865.jpg 1536w, https:\/\/zaklada-zora.hr\/wp-content\/uploads\/2025\/04\/20250425_110249-2048x1153.jpg 2048w, https:\/\/zaklada-zora.hr\/wp-content\/uploads\/2025\/04\/20250425_110249-18x10.jpg 18w\" sizes=\"(max-width: 300px) 100vw, 300px\" \/><\/a>\n\t\t\t<\/div><\/figure><figure class='gallery-item'>\n\t\t\t<div class='gallery-icon landscape'>\n\t\t\t\t<a href=\"https:\/\/zaklada-zora.hr\/en\/2025\/04\/28\/tvornica-ideja-u-zadru\/20250424_142933\/\"><img loading=\"lazy\" decoding=\"async\" width=\"300\" height=\"169\" src=\"https:\/\/zaklada-zora.hr\/wp-content\/uploads\/2025\/04\/20250424_142933-300x169.jpg\" class=\"attachment-medium size-medium\" alt=\"\" srcset=\"https:\/\/zaklada-zora.hr\/wp-content\/uploads\/2025\/04\/20250424_142933-300x169.jpg 300w, https:\/\/zaklada-zora.hr\/wp-content\/uploads\/2025\/04\/20250424_142933-1024x577.jpg 1024w, https:\/\/zaklada-zora.hr\/wp-content\/uploads\/2025\/04\/20250424_142933-768x432.jpg 768w, https:\/\/zaklada-zora.hr\/wp-content\/uploads\/2025\/04\/20250424_142933-1536x865.jpg 1536w, https:\/\/zaklada-zora.hr\/wp-content\/uploads\/2025\/04\/20250424_142933-2048x1153.jpg 2048w, https:\/\/zaklada-zora.hr\/wp-content\/uploads\/2025\/04\/20250424_142933-18x10.jpg 18w\" sizes=\"(max-width: 300px) 100vw, 300px\" \/><\/a>\n\t\t\t<\/div><\/figure><figure class='gallery-item'>\n\t\t\t<div class='gallery-icon landscape'>\n\t\t\t\t<a href=\"https:\/\/zaklada-zora.hr\/en\/2025\/04\/28\/tvornica-ideja-u-zadru\/20250424_114124\/\"><img loading=\"lazy\" decoding=\"async\" width=\"300\" height=\"169\" src=\"https:\/\/zaklada-zora.hr\/wp-content\/uploads\/2025\/04\/20250424_114124-300x169.jpg\" class=\"attachment-medium size-medium\" alt=\"\" srcset=\"https:\/\/zaklada-zora.hr\/wp-content\/uploads\/2025\/04\/20250424_114124-300x169.jpg 300w, https:\/\/zaklada-zora.hr\/wp-content\/uploads\/2025\/04\/20250424_114124-1024x577.jpg 1024w, https:\/\/zaklada-zora.hr\/wp-content\/uploads\/2025\/04\/20250424_114124-768x432.jpg 768w, https:\/\/zaklada-zora.hr\/wp-content\/uploads\/2025\/04\/20250424_114124-1536x865.jpg 1536w, https:\/\/zaklada-zora.hr\/wp-content\/uploads\/2025\/04\/20250424_114124-2048x1153.jpg 2048w, https:\/\/zaklada-zora.hr\/wp-content\/uploads\/2025\/04\/20250424_114124-18x10.jpg 18w\" sizes=\"(max-width: 300px) 100vw, 300px\" \/><\/a>\n\t\t\t<\/div><\/figure>\n\t\t<\/div>","protected":false},"excerpt":{"rendered":"<p>Tvornica ideja odr\u017eana je 24. i 25. travnja u IMPACT centru u Zadru, u okviru programa Potencijali zajednice, koji provodi Nacionalna zaklada za razvoj civilnoga dru\u0161tva kao dio i3.0 Strate\u0161kog partnerstva. Ovaj dvodnevni susret okupio je predstavnike osam hrvatskih gradova, me\u0111u kojima su i gradovi iz Karlova\u010dke \u017eupanije \u2013 Karlovac, Slunj i Duga Resa. Predstavljene [&hellip;]<\/p>","protected":false},"author":3,"featured_media":931,"comment_status":"open","ping_status":"open","sticky":false,"template":"","format":"standard","meta":{"footnotes":""},"categories":[8],"tags":[],"class_list":["post-930","post","type-post","status-publish","format-standard","has-post-thumbnail","hentry","category-stratesko-partnerstvo"],"_links":{"self":[{"href":"https:\/\/zaklada-zora.hr\/en\/wp-json\/wp\/v2\/posts\/930","targetHints":{"allow":["GET"]}}],"collection":[{"href":"https:\/\/zaklada-zora.hr\/en\/wp-json\/wp\/v2\/posts"}],"about":[{"href":"https:\/\/zaklada-zora.hr\/en\/wp-json\/wp\/v2\/types\/post"}],"author":[{"embeddable":true,"href":"https:\/\/zaklada-zora.hr\/en\/wp-json\/wp\/v2\/users\/3"}],"replies":[{"embeddable":true,"href":"https:\/\/zaklada-zora.hr\/en\/wp-json\/wp\/v2\/comments?post=930"}],"version-history":[{"count":2,"href":"https:\/\/zaklada-zora.hr\/en\/wp-json\/wp\/v2\/posts\/930\/revisions"}],"predecessor-version":[{"id":941,"href":"https:\/\/zaklada-zora.hr\/en\/wp-json\/wp\/v2\/posts\/930\/revisions\/941"}],"wp:featuredmedia":[{"embeddable":true,"href":"https:\/\/zaklada-zora.hr\/en\/wp-json\/wp\/v2\/media\/931"}],"wp:attachment":[{"href":"https:\/\/zaklada-zora.hr\/en\/wp-json\/wp\/v2\/media?parent=930"}],"wp:term":[{"taxonomy":"category","embeddable":true,"href":"https:\/\/zaklada-zora.hr\/en\/wp-json\/wp\/v2\/categories?post=930"},{"taxonomy":"post_tag","embeddable":true,"href":"https:\/\/zaklada-zora.hr\/en\/wp-json\/wp\/v2\/tags?post=930"}],"curies":[{"name":"wp","href":"https:\/\/api.w.org\/{rel}","templated":true}]}}