{"id":851,"date":"2024-11-12T10:51:08","date_gmt":"2024-11-12T10:51:08","guid":{"rendered":"https:\/\/zaklada-zora.hr\/?p=851"},"modified":"2024-11-23T20:02:50","modified_gmt":"2024-11-23T20:02:50","slug":"zaklada-zora-na-prvom-modulu-programa-potencijali-zajednice-u-zadru","status":"publish","type":"post","link":"https:\/\/zaklada-zora.hr\/en\/2024\/11\/12\/zaklada-zora-na-prvom-modulu-programa-potencijali-zajednice-u-zadru\/","title":{"rendered":"Foundation ZORA participated at the first module of the \"Community Potentials\" program in Zadar"},"content":{"rendered":"<p class=\" translation-block\">Foundation ZORA participated in the first module of the program <a href=\"https:\/\/zaklada.civilnodrustvo.hr\/i-30-strateska-partnerstva\" target=\"_blank\" rel=\"noopener\">Community Potential<\/a>, held at the IMPACT \u2013 European Centre for Cross-Sectoral Cooperation for Sustainable Development in Zadar. As an active partner of the <a href=\"https:\/\/zaklada-zora.hr\/stratesko-partnerstvo\/\" target=\"_blank\" rel=\"noopener\">i3.0 Strategic Partnership<\/a>, Foundation ZORA was responsible for preparing and facilitating part of the activities within this module. The event brought together representatives from <strong>8<\/strong> cities across three counties, <strong>10<\/strong> high schools, as well as young people and seniors aged 60+.<\/p>\n<h3>First Module of the Program: Goal and Content<\/h3>\n<p>The \"Community Potentials\" program is focused on strengthening the capacities of local communities through educational activities, with an emphasis on sustainable development and social change. The goal of this first module was to empower participants with the skills needed for the effective application of the knowledge gained in their local communities.<\/p>\n<p>Through a series of workshops, lectures, group activities, and discussions, participants worked on developing their competencies in the following areas:<\/p>\n<ul>\n<li>Networking and cross-sectoral collaboration,<\/li>\n<li>Identifying potential and resources within the community,<\/li>\n<li>Creating and implementing sustainable development projects,<\/li>\n<li>Innovative methods for active community engagement.<\/li>\n<\/ul>\n<h3>Local communities and participants from Karlovac County<\/h3>\n<p>We are especially proud that representatives from three cities in Karlovac County participated in the program: Karlovac, Slunj, and Duga Resa. Their presence at this event is the result of Foundation ZORA's involvement as a partner in the i3.0 Strategic Partnership program, which enabled local participants from Karlovac County to join the program.<\/p>\n<p>Sudionici iz Karlova\u010dke \u017eupanije uklju\u010divali su:<\/p>\n<ul>\n<li>Centar za odgoj i obrazovanje djece i mlade\u017ei Karlovac<\/li>\n<li>\u0160umarsku i drvodjeljsku \u0161kolu Karlovac<\/li>\n<li>Srednju \u0161kolu Duga Resa<\/li>\n<li>Srednju \u0161kolu Slunj<\/li>\n<li>predstavnike gradskih uprava gradova Karlovac, Duga Resa i Slunj<\/li>\n<li>umirovljenike iz gradova Karlova\u010dke \u017eupanije<\/li>\n<\/ul>\n<p><img fetchpriority=\"high\" decoding=\"async\" class=\"alignnone wp-image-855 size-full\" src=\"https:\/\/zaklada-zora.hr\/wp-content\/uploads\/2024\/11\/20241108_144028-e1731581618320.jpg\" alt=\"Zaklada Zora, Zadar, prvi modul\" width=\"1420\" height=\"853\" srcset=\"https:\/\/zaklada-zora.hr\/wp-content\/uploads\/2024\/11\/20241108_144028-e1731581618320.jpg 1420w, https:\/\/zaklada-zora.hr\/wp-content\/uploads\/2024\/11\/20241108_144028-e1731581618320-300x180.jpg 300w, https:\/\/zaklada-zora.hr\/wp-content\/uploads\/2024\/11\/20241108_144028-e1731581618320-1024x615.jpg 1024w, https:\/\/zaklada-zora.hr\/wp-content\/uploads\/2024\/11\/20241108_144028-e1731581618320-768x461.jpg 768w, https:\/\/zaklada-zora.hr\/wp-content\/uploads\/2024\/11\/20241108_144028-e1731581618320-18x12.jpg 18w\" sizes=\"(max-width: 1420px) 100vw, 1420px\" \/><\/p>\n<p>Njihovo sudjelovanje predstavlja zna\u010dajan korak prema ja\u010danju suradnje i razmjeni iskustava me\u0111u sudionicima iz razli\u010ditih sredina.<\/p>\n<p>The role of Foundation ZORA was to participate in the presentation of best practices in sustainable development (using the specific example of Zero Waste cities) and to lead group activities that encouraged participants to think constructively about the challenges in their communities and potential solutions.<\/p>\n<ul>\n<li>Identificiraju klju\u010dne potrebe i potencijale svojih zajednica,<\/li>\n<li>Razviju ideje za projekte koje \u0107e provoditi po povratku u svoje gradove,<\/li>\n<li>Osna\u017ee kapacitete za implementaciju odr\u017eivih projekata u svojim sredinama.<\/li>\n<\/ul>\n<h3>Foundation ZORA as a partner for sustainable development of local communities<\/h3>\n<p>Foundation ZORA, through activities such as the \"Community Potential\" program, provides support to local communities with the aim of strengthening and developing them, focusing on sustainable development and tourism. We believe that, through cross-sectoral cooperation and investment in education, the fundamental conditions for long-term progress and sustainability are created.<\/p>\n<p><img decoding=\"async\" class=\"alignnone wp-image-859 size-full\" src=\"https:\/\/zaklada-zora.hr\/wp-content\/uploads\/2024\/11\/imapct-prvi-modul-studeni-e1731582099270.jpeg\" alt=\"IMPACT centar, Zadar prvi modul Potencijali zajednice, fotografija preuzeta s mre\u017ene stranice Nacionalne zaklade za razvoj civilnoga dru\u0161tva - https:\/\/zaklada.civilnodrustvo.hr . Potencijali zajednice\" width=\"1833\" height=\"1126\" srcset=\"https:\/\/zaklada-zora.hr\/wp-content\/uploads\/2024\/11\/imapct-prvi-modul-studeni-e1731582099270.jpeg 1833w, https:\/\/zaklada-zora.hr\/wp-content\/uploads\/2024\/11\/imapct-prvi-modul-studeni-e1731582099270-300x184.jpeg 300w, https:\/\/zaklada-zora.hr\/wp-content\/uploads\/2024\/11\/imapct-prvi-modul-studeni-e1731582099270-1024x629.jpeg 1024w, https:\/\/zaklada-zora.hr\/wp-content\/uploads\/2024\/11\/imapct-prvi-modul-studeni-e1731582099270-768x472.jpeg 768w, https:\/\/zaklada-zora.hr\/wp-content\/uploads\/2024\/11\/imapct-prvi-modul-studeni-e1731582099270-1536x944.jpeg 1536w, https:\/\/zaklada-zora.hr\/wp-content\/uploads\/2024\/11\/imapct-prvi-modul-studeni-e1731582099270-18x12.jpeg 18w\" sizes=\"(max-width: 1833px) 100vw, 1833px\" \/><\/p>","protected":false},"excerpt":{"rendered":"<p>Zaklada ZORA sudjelovala je na prvom modulu programa \u201cPotencijali zajednice,\u201d odr\u017eanom u IMPACT \u2013 Europskom centru me\u0111usektorske suradnje za odr\u017eivi razvoj u Zadru. Kao aktivni partner i3.0 Strate\u0161kog partnerstva, Zaklada ZORA bila je zadu\u017eena za pripremu i facilitaciju dijela aktivnosti u sklopu ovog modula, a doga\u0111aj je okupio predstavnike 8\u00a0gradova iz tri \u017eupanije i\u00a010 srednjih [&hellip;]<\/p>","protected":false},"author":3,"featured_media":852,"comment_status":"open","ping_status":"open","sticky":false,"template":"","format":"standard","meta":{"footnotes":""},"categories":[8],"tags":[],"class_list":["post-851","post","type-post","status-publish","format-standard","has-post-thumbnail","hentry","category-stratesko-partnerstvo"],"_links":{"self":[{"href":"https:\/\/zaklada-zora.hr\/en\/wp-json\/wp\/v2\/posts\/851","targetHints":{"allow":["GET"]}}],"collection":[{"href":"https:\/\/zaklada-zora.hr\/en\/wp-json\/wp\/v2\/posts"}],"about":[{"href":"https:\/\/zaklada-zora.hr\/en\/wp-json\/wp\/v2\/types\/post"}],"author":[{"embeddable":true,"href":"https:\/\/zaklada-zora.hr\/en\/wp-json\/wp\/v2\/users\/3"}],"replies":[{"embeddable":true,"href":"https:\/\/zaklada-zora.hr\/en\/wp-json\/wp\/v2\/comments?post=851"}],"version-history":[{"count":6,"href":"https:\/\/zaklada-zora.hr\/en\/wp-json\/wp\/v2\/posts\/851\/revisions"}],"predecessor-version":[{"id":860,"href":"https:\/\/zaklada-zora.hr\/en\/wp-json\/wp\/v2\/posts\/851\/revisions\/860"}],"wp:featuredmedia":[{"embeddable":true,"href":"https:\/\/zaklada-zora.hr\/en\/wp-json\/wp\/v2\/media\/852"}],"wp:attachment":[{"href":"https:\/\/zaklada-zora.hr\/en\/wp-json\/wp\/v2\/media?parent=851"}],"wp:term":[{"taxonomy":"category","embeddable":true,"href":"https:\/\/zaklada-zora.hr\/en\/wp-json\/wp\/v2\/categories?post=851"},{"taxonomy":"post_tag","embeddable":true,"href":"https:\/\/zaklada-zora.hr\/en\/wp-json\/wp\/v2\/tags?post=851"}],"curies":[{"name":"wp","href":"https:\/\/api.w.org\/{rel}","templated":true}]}}