{"id":756,"date":"2024-08-29T17:30:38","date_gmt":"2024-08-29T17:30:38","guid":{"rendered":"https:\/\/zaklada-zora.hr\/?p=756"},"modified":"2024-09-11T17:24:11","modified_gmt":"2024-09-11T17:24:11","slug":"predstavljanje-i3-0-strateskog-partnerstva-na-strudlafestu-u-jaskovu","status":"publish","type":"post","link":"https:\/\/zaklada-zora.hr\/en\/2024\/08\/29\/predstavljanje-i3-0-strateskog-partnerstva-na-strudlafestu-u-jaskovu\/","title":{"rendered":"Presentation of the i3.0 Strategic Partnership at \u0160trudlafest in Ja\u0161kovo"},"content":{"rendered":"<p class=\" translation-block\">As part of the \u0160trudlafest event, which will be held in Ja\u0161kovo, the first presentation of the i3.0 Strategic Partnership will take place. One of the organizers of this event is the ZORA Foundation, a local partner of EURAC Research in the i3.0 Strategic Partnership.<\/p>\n<p class=\" translation-block\">Visitors will be able to visit the joint stand of the i3.0 Strategic Partnership and familiarize themselves with various promotional materials.<\/p>\n<p><img fetchpriority=\"high\" decoding=\"async\" class=\"alignnone wp-image-778 size-full\" src=\"https:\/\/zaklada-zora.hr\/wp-content\/uploads\/2024\/08\/i3.0-stratesko-partnerstvo-programa-Potencijali-zajednice-na-Strudlafestu.jpg\" alt=\"i3.0 strate\u0161ko partnerstvo programa Potencijali zajednice na \u0160trudlafestu\" width=\"1200\" height=\"675\" srcset=\"https:\/\/zaklada-zora.hr\/wp-content\/uploads\/2024\/08\/i3.0-stratesko-partnerstvo-programa-Potencijali-zajednice-na-Strudlafestu.jpg 1200w, https:\/\/zaklada-zora.hr\/wp-content\/uploads\/2024\/08\/i3.0-stratesko-partnerstvo-programa-Potencijali-zajednice-na-Strudlafestu-300x169.jpg 300w, https:\/\/zaklada-zora.hr\/wp-content\/uploads\/2024\/08\/i3.0-stratesko-partnerstvo-programa-Potencijali-zajednice-na-Strudlafestu-1024x576.jpg 1024w, https:\/\/zaklada-zora.hr\/wp-content\/uploads\/2024\/08\/i3.0-stratesko-partnerstvo-programa-Potencijali-zajednice-na-Strudlafestu-768x432.jpg 768w, https:\/\/zaklada-zora.hr\/wp-content\/uploads\/2024\/08\/i3.0-stratesko-partnerstvo-programa-Potencijali-zajednice-na-Strudlafestu-18x10.jpg 18w\" sizes=\"(max-width: 1200px) 100vw, 1200px\" \/><\/p>\n<p>Among them will be an informational leaflet providing basic details about each area of the i3.0 Strategic Partnership, a list of all partners, and information about the local communities involved in the \"Community Potentials\" Program.<\/p>\n<p class=\" translation-block\">Visit \u0160trudlafest to learn more about the i3.0 Strategic Partnership and the opportunities it offers for the development of local communities.<\/p>","protected":false},"excerpt":{"rendered":"<p>U sklopu manifestacije \u0160trudlafest, koja \u0107e se odr\u017eati u Ja\u0161kovu, bit \u0107e odr\u017eano prvo predstavljanje i3.0 Strate\u0161kog partnerstva. Jedan od organizatora ovog doga\u0111aja je i Zaklada ZORA, lokalni partner organizacije EURAC Research u i3.0 Strate\u0161kom partnerstvu. Posjetitelji \u0107e mo\u0107i posjetiti zajedni\u010dki \u0161tand i3.0 Strate\u0161kog partnerstva i upoznati se s raznim promotivnim materijalima. Me\u0111u njima \u0107e [&hellip;]<\/p>","protected":false},"author":3,"featured_media":757,"comment_status":"open","ping_status":"open","sticky":false,"template":"","format":"standard","meta":{"footnotes":""},"categories":[8],"tags":[],"class_list":["post-756","post","type-post","status-publish","format-standard","has-post-thumbnail","hentry","category-stratesko-partnerstvo"],"_links":{"self":[{"href":"https:\/\/zaklada-zora.hr\/en\/wp-json\/wp\/v2\/posts\/756","targetHints":{"allow":["GET"]}}],"collection":[{"href":"https:\/\/zaklada-zora.hr\/en\/wp-json\/wp\/v2\/posts"}],"about":[{"href":"https:\/\/zaklada-zora.hr\/en\/wp-json\/wp\/v2\/types\/post"}],"author":[{"embeddable":true,"href":"https:\/\/zaklada-zora.hr\/en\/wp-json\/wp\/v2\/users\/3"}],"replies":[{"embeddable":true,"href":"https:\/\/zaklada-zora.hr\/en\/wp-json\/wp\/v2\/comments?post=756"}],"version-history":[{"count":7,"href":"https:\/\/zaklada-zora.hr\/en\/wp-json\/wp\/v2\/posts\/756\/revisions"}],"predecessor-version":[{"id":779,"href":"https:\/\/zaklada-zora.hr\/en\/wp-json\/wp\/v2\/posts\/756\/revisions\/779"}],"wp:featuredmedia":[{"embeddable":true,"href":"https:\/\/zaklada-zora.hr\/en\/wp-json\/wp\/v2\/media\/757"}],"wp:attachment":[{"href":"https:\/\/zaklada-zora.hr\/en\/wp-json\/wp\/v2\/media?parent=756"}],"wp:term":[{"taxonomy":"category","embeddable":true,"href":"https:\/\/zaklada-zora.hr\/en\/wp-json\/wp\/v2\/categories?post=756"},{"taxonomy":"post_tag","embeddable":true,"href":"https:\/\/zaklada-zora.hr\/en\/wp-json\/wp\/v2\/tags?post=756"}],"curies":[{"name":"wp","href":"https:\/\/api.w.org\/{rel}","templated":true}]}}