{"id":576,"date":"2024-06-25T13:59:25","date_gmt":"2024-06-25T13:59:25","guid":{"rendered":"https:\/\/zaklada-zora.hr\/?p=576"},"modified":"2024-07-19T19:48:04","modified_gmt":"2024-07-19T19:48:04","slug":"u-karlovcu-odrzan-sastanak-sudionika-programa-potencijali-zajednice","status":"publish","type":"post","link":"https:\/\/zaklada-zora.hr\/en\/2024\/06\/25\/u-karlovcu-odrzan-sastanak-sudionika-programa-potencijali-zajednice\/","title":{"rendered":"Karlovac Hosts \"Community Potentials\" Program Meeting"},"content":{"rendered":"<p class=\" translation-block\">On June 24, a meeting of participants of the \"Community Potentials\" Program from Karlovac County was held at the Aquatika freshwater aquarium in Karlovac.<\/p>\n<p class=\" translation-block\">The meeting was opened by Ms. Cvjetana Plav\u0161a-Mati\u0107, the director of the National Foundation for Civil Society Development, and Ms. Marija Boltek, the deputy director for development programs. They presented the i3.0 Strategic Partnership for Innovation in the Local Community and the first phase of the implementation of the \"Community Potentials\" program.<\/p>\n<p class=\" translation-block\">Representatives of the Foundation for Sustainable Development of Local Communities and Tourism \u2013 ZORA, director Ms. Dra\u017eenka Birki\u0107 and Management Board member Ms. Nikolina Jovi\u0107 Belavi\u0107, presented their activities in the field of sustainable development of local communities, in which they operate as an i3.0 Strategic Partner of the National Foundation in a consortium with the international organization EURAC Research from Bolzano.<\/p>\n<p class=\" translation-block\">The meeting was attended by participants involved in the Program from the Karlovac County area \u2013 representatives of the cities Karlovac, Duga Resa, and Slunj, as well as principals and representatives of secondary schools: Slunj Secondary School, the School of Forestry and Wood Technology, the Center for Education of Children and Youth Karlovac, and Duga Resa Secondary School.<\/p>\n<p>All attendees expressed great satisfaction with the cooperation within the \"Community Potentials\" Program, and further activities of this cooperation were agreed upon. Representatives of the ZORA Foundation emphasized to all participants that, with the support of the National Foundation for Civil Society Development, they will be a support in all upcoming activities, especially in topics related to sustainable development and tourism.<\/p>","protected":false},"excerpt":{"rendered":"<p>U Karlovcu je u prostoru JU Aquatika slatkovodni akvarij 24. lipnja odr\u017ean sastanak sudionika Programa \u201cPotencijali zajednice\u201d iz Karlova\u010dke \u017eupanije. Sastanak su otvorile upraviteljica Nacionalne zaklade za razvoj civilnoga dru\u0161tva g\u0111a\u00a0Cvjetana Plav\u0161a-Mati\u0107\u00a0i zamjenica upraviteljice za razvojne programe g\u0111a Marija Boltek koje su predstavile i3.0 Strate\u0161ko partnerstvo za inovacije u lokalnoj zajednici te prvu fazu provedbe [&hellip;]<\/p>","protected":false},"author":3,"featured_media":577,"comment_status":"open","ping_status":"open","sticky":false,"template":"","format":"standard","meta":{"footnotes":""},"categories":[8],"tags":[],"class_list":["post-576","post","type-post","status-publish","format-standard","has-post-thumbnail","hentry","category-stratesko-partnerstvo"],"_links":{"self":[{"href":"https:\/\/zaklada-zora.hr\/en\/wp-json\/wp\/v2\/posts\/576","targetHints":{"allow":["GET"]}}],"collection":[{"href":"https:\/\/zaklada-zora.hr\/en\/wp-json\/wp\/v2\/posts"}],"about":[{"href":"https:\/\/zaklada-zora.hr\/en\/wp-json\/wp\/v2\/types\/post"}],"author":[{"embeddable":true,"href":"https:\/\/zaklada-zora.hr\/en\/wp-json\/wp\/v2\/users\/3"}],"replies":[{"embeddable":true,"href":"https:\/\/zaklada-zora.hr\/en\/wp-json\/wp\/v2\/comments?post=576"}],"version-history":[{"count":3,"href":"https:\/\/zaklada-zora.hr\/en\/wp-json\/wp\/v2\/posts\/576\/revisions"}],"predecessor-version":[{"id":580,"href":"https:\/\/zaklada-zora.hr\/en\/wp-json\/wp\/v2\/posts\/576\/revisions\/580"}],"wp:featuredmedia":[{"embeddable":true,"href":"https:\/\/zaklada-zora.hr\/en\/wp-json\/wp\/v2\/media\/577"}],"wp:attachment":[{"href":"https:\/\/zaklada-zora.hr\/en\/wp-json\/wp\/v2\/media?parent=576"}],"wp:term":[{"taxonomy":"category","embeddable":true,"href":"https:\/\/zaklada-zora.hr\/en\/wp-json\/wp\/v2\/categories?post=576"},{"taxonomy":"post_tag","embeddable":true,"href":"https:\/\/zaklada-zora.hr\/en\/wp-json\/wp\/v2\/tags?post=576"}],"curies":[{"name":"wp","href":"https:\/\/api.w.org\/{rel}","templated":true}]}}