{"id":1123,"date":"2026-03-17T16:09:27","date_gmt":"2026-03-17T16:09:27","guid":{"rendered":"https:\/\/zaklada-zora.hr\/?p=1123"},"modified":"2026-03-17T16:40:09","modified_gmt":"2026-03-17T16:40:09","slug":"zadar-domacin-prve-radionice-od-price-do-promjene-odrzivi-razvoj-u-praksi","status":"publish","type":"post","link":"https:\/\/zaklada-zora.hr\/en\/2026\/03\/17\/zadar-domacin-prve-radionice-od-price-do-promjene-odrzivi-razvoj-u-praksi\/","title":{"rendered":"U Zadru odr\u017eana prva radionica &#8220;Od pri\u010de do promjene: Odr\u017eivi razvoj u praksi&#8221;"},"content":{"rendered":"<p class=\"font-claude-response-body break-words whitespace-normal leading-[1.7]\"><strong>Zadar, o\u017eujak 2026.<\/strong> \u2013 U zadarskom IMPACT centru odr\u017eana je prva u nizu radionica koje \u0107e Zaklada za odr\u017eivi razvoj lokalnih zajednica i turizma organizirati u osam hrvatskih gradova u sklopu <a href=\"https:\/\/zaklada.civilnodrustvo.hr\/hr\/podrska\/potencijali-zajednice\/\" target=\"_blank\" rel=\"noopener\">programa <em>Community Potentials<\/em><\/a>. Tema radionice bio je <strong>odr\u017eivi razvoj u praksi<\/strong> \u2013 a polaznici su taj pojam iskusili na najkonkretniji mogu\u0107i na\u010din.<\/p>\n<p class=\"font-claude-response-body break-words whitespace-normal leading-[1.7]\">Radionicu su vodile <strong>Lidija \u017dganjer Gr\u017eeti\u0107<\/strong>, osniva\u010dica Zaklade i specijalistica odr\u017eivog razvoja, te <strong>Nikolina Jovi\u0107 Belavi\u0107<\/strong>, upraviteljica Zaklade i komunikologinja. Zajedno su kroz interaktivni format provele sudionike od teorijskih temelja do prakti\u010dnog rada na vlastitim idejama.<\/p>\n<h3 class=\"text-text-100 mt-2 -mb-1 text-base font-bold\">Primjeri koji inspiriraju<\/h3>\n<p class=\"font-claude-response-body break-words whitespace-normal leading-[1.7]\">Radionica je krenula interaktivnim upitnikom koji je otvorio razgovor o tome \u0161to odr\u017eivi razvoj zapravo zna\u010di i kako izgleda kad za\u017eivi u lokalnoj zajednici. Kao primjeri dobre prakse poslu\u017eili su <a href=\"https:\/\/strudlafest.com\/\" target=\"_blank\" rel=\"noopener\"><strong>\u0160trudlafest i Selo \u0161trudle<\/strong><\/a> iz Ja\u0161kova u Karlova\u010dkoj \u017eupaniji te pri\u010da o tome kako lokalna tradicija i zajedni\u010dki duh mogu postati pokreta\u010dka snaga razvoja. Uz to, kao inspiracija istaknuti su i projekti <strong>Aquatike &#8211;<\/strong>\u00a0<a href=\"https:\/\/www.aquariumkarlovac.com\/\" target=\"_blank\" rel=\"noopener\">slatkovodnog akvarija iz Karlovca<\/a>, te <a href=\"https:\/\/aurora-experience.com\/\" target=\"_blank\" rel=\"noopener\"><strong>\u017ditne la\u0111e Zora<\/strong><\/a> &#8211; primjeri koji pokazuju kako kultura, priroda i turizam mogu i\u0107i ruku pod ruku.<\/p>\n<div id='gallery-1' class='gallery galleryid-1123 gallery-columns-2 gallery-size-large'><figure class='gallery-item'>\n\t\t\t<div class='gallery-icon landscape'>\n\t\t\t\t<a href=\"https:\/\/zaklada-zora.hr\/wp-content\/uploads\/2026\/03\/foto-za-webs-zadar-7-scaled.jpg\"><img fetchpriority=\"high\" decoding=\"async\" width=\"800\" height=\"451\" src=\"https:\/\/zaklada-zora.hr\/wp-content\/uploads\/2026\/03\/foto-za-webs-zadar-7-1024x577.jpg\" class=\"attachment-large size-large\" alt=\"\" srcset=\"https:\/\/zaklada-zora.hr\/wp-content\/uploads\/2026\/03\/foto-za-webs-zadar-7-1024x577.jpg 1024w, https:\/\/zaklada-zora.hr\/wp-content\/uploads\/2026\/03\/foto-za-webs-zadar-7-300x169.jpg 300w, https:\/\/zaklada-zora.hr\/wp-content\/uploads\/2026\/03\/foto-za-webs-zadar-7-768x432.jpg 768w, https:\/\/zaklada-zora.hr\/wp-content\/uploads\/2026\/03\/foto-za-webs-zadar-7-1536x865.jpg 1536w, https:\/\/zaklada-zora.hr\/wp-content\/uploads\/2026\/03\/foto-za-webs-zadar-7-2048x1153.jpg 2048w, https:\/\/zaklada-zora.hr\/wp-content\/uploads\/2026\/03\/foto-za-webs-zadar-7-18x10.jpg 18w\" sizes=\"(max-width: 800px) 100vw, 800px\" \/><\/a>\n\t\t\t<\/div><\/figure><figure class='gallery-item'>\n\t\t\t<div class='gallery-icon landscape'>\n\t\t\t\t<a href=\"https:\/\/zaklada-zora.hr\/wp-content\/uploads\/2026\/03\/foto-za-webs-zadar-9-scaled.jpg\"><img decoding=\"async\" width=\"800\" height=\"451\" src=\"https:\/\/zaklada-zora.hr\/wp-content\/uploads\/2026\/03\/foto-za-webs-zadar-9-1024x577.jpg\" class=\"attachment-large size-large\" alt=\"\" srcset=\"https:\/\/zaklada-zora.hr\/wp-content\/uploads\/2026\/03\/foto-za-webs-zadar-9-1024x577.jpg 1024w, https:\/\/zaklada-zora.hr\/wp-content\/uploads\/2026\/03\/foto-za-webs-zadar-9-300x169.jpg 300w, https:\/\/zaklada-zora.hr\/wp-content\/uploads\/2026\/03\/foto-za-webs-zadar-9-768x432.jpg 768w, https:\/\/zaklada-zora.hr\/wp-content\/uploads\/2026\/03\/foto-za-webs-zadar-9-1536x865.jpg 1536w, https:\/\/zaklada-zora.hr\/wp-content\/uploads\/2026\/03\/foto-za-webs-zadar-9-2048x1153.jpg 2048w, https:\/\/zaklada-zora.hr\/wp-content\/uploads\/2026\/03\/foto-za-webs-zadar-9-18x10.jpg 18w\" sizes=\"(max-width: 800px) 100vw, 800px\" \/><\/a>\n\t\t\t<\/div><\/figure>\n\t\t<\/div>\n\n<h3 class=\"text-text-100 mt-2 -mb-1 text-base font-bold\">Mapa ideja za Zadar<\/h3>\n<p class=\"font-claude-response-body break-words whitespace-normal leading-[1.7]\">Sredi\u0161nji dio radionice bio je posve\u0107en grupnom radu pod nazivom <em>&#8220;Mapa ideja za moju zajednicu&#8221;<\/em> \u2013 sudionici su u skupinama osmi\u0161ljavali konkretne inicijative za Zadar, razmi\u0161ljali o njihovom ekonomskom, dru\u0161tvenom i okoli\u0161nom u\u010dinku te vje\u017ebali kako ih komunicirati. Svaka skupina zatim je kratko predstavila svoju ideju, a moderatorice su dale povratne informacije i potaknule daljnju diskusiju.<\/p>\n<p class=\"font-claude-response-body break-words whitespace-normal leading-[1.7]\">Radionica je zaklju\u010dena refleksijom. Svaki sudionik podijelio je \u0161to <strong>danas nosi sa sobom<\/strong>, a moderatorice su dale prakti\u010dne savjete za daljnje korake.<\/p>\n<div id='gallery-2' class='gallery galleryid-1123 gallery-columns-2 gallery-size-large'><figure class='gallery-item'>\n\t\t\t<div class='gallery-icon landscape'>\n\t\t\t\t<a href=\"https:\/\/zaklada-zora.hr\/en\/2026\/03\/17\/zadar-domacin-prve-radionice-od-price-do-promjene-odrzivi-razvoj-u-praksi\/foto-za-webs-zadar-4\/\"><img decoding=\"async\" width=\"800\" height=\"451\" src=\"https:\/\/zaklada-zora.hr\/wp-content\/uploads\/2026\/03\/foto-za-webs-zadar-4-1024x577.jpg\" class=\"attachment-large size-large\" alt=\"\" srcset=\"https:\/\/zaklada-zora.hr\/wp-content\/uploads\/2026\/03\/foto-za-webs-zadar-4-1024x577.jpg 1024w, https:\/\/zaklada-zora.hr\/wp-content\/uploads\/2026\/03\/foto-za-webs-zadar-4-300x169.jpg 300w, https:\/\/zaklada-zora.hr\/wp-content\/uploads\/2026\/03\/foto-za-webs-zadar-4-768x432.jpg 768w, https:\/\/zaklada-zora.hr\/wp-content\/uploads\/2026\/03\/foto-za-webs-zadar-4-1536x865.jpg 1536w, https:\/\/zaklada-zora.hr\/wp-content\/uploads\/2026\/03\/foto-za-webs-zadar-4-2048x1153.jpg 2048w, https:\/\/zaklada-zora.hr\/wp-content\/uploads\/2026\/03\/foto-za-webs-zadar-4-18x10.jpg 18w\" sizes=\"(max-width: 800px) 100vw, 800px\" \/><\/a>\n\t\t\t<\/div><\/figure><figure class='gallery-item'>\n\t\t\t<div class='gallery-icon landscape'>\n\t\t\t\t<a href=\"https:\/\/zaklada-zora.hr\/en\/2026\/03\/17\/zadar-domacin-prve-radionice-od-price-do-promjene-odrzivi-razvoj-u-praksi\/foto-za-webs-zadar-10\/\"><img loading=\"lazy\" decoding=\"async\" width=\"800\" height=\"451\" src=\"https:\/\/zaklada-zora.hr\/wp-content\/uploads\/2026\/03\/foto-za-webs-zadar-10-1024x577.jpg\" class=\"attachment-large size-large\" alt=\"\" srcset=\"https:\/\/zaklada-zora.hr\/wp-content\/uploads\/2026\/03\/foto-za-webs-zadar-10-1024x577.jpg 1024w, https:\/\/zaklada-zora.hr\/wp-content\/uploads\/2026\/03\/foto-za-webs-zadar-10-300x169.jpg 300w, https:\/\/zaklada-zora.hr\/wp-content\/uploads\/2026\/03\/foto-za-webs-zadar-10-768x432.jpg 768w, https:\/\/zaklada-zora.hr\/wp-content\/uploads\/2026\/03\/foto-za-webs-zadar-10-1536x865.jpg 1536w, https:\/\/zaklada-zora.hr\/wp-content\/uploads\/2026\/03\/foto-za-webs-zadar-10-2048x1153.jpg 2048w, https:\/\/zaklada-zora.hr\/wp-content\/uploads\/2026\/03\/foto-za-webs-zadar-10-18x10.jpg 18w\" sizes=\"(max-width: 800px) 100vw, 800px\" \/><\/a>\n\t\t\t<\/div><\/figure>\n\t\t<\/div>\n\n<h3 class=\"text-text-100 mt-2 -mb-1 text-base font-bold\">Program se nastavlja<\/h3>\n<p class=\"font-claude-response-body break-words whitespace-normal leading-[1.7]\">Zadar je samo po\u010detak. U narednim mjesecima Zaklada ZORA \u0107e iste radionice odr\u017eati u jo\u0161 sedam gradova, donose\u0107i znanje, alate i inspiraciju zajednicama diljem Hrvatske. Ovaj program koordinira i financira <strong>Nacionalna zaklada za razvoj civilnoga dru\u0161tva<\/strong>.<\/p>\n<p class=\"font-claude-response-body break-words whitespace-normal leading-[1.7]\"><em><strong>Pratite nas za vi\u0161e informacija o sljede\u0107im lokacijama i prijavama!<\/strong><\/em><\/p>\n<div id='gallery-3' class='gallery galleryid-1123 gallery-columns-2 gallery-size-large'><figure class='gallery-item'>\n\t\t\t<div class='gallery-icon landscape'>\n\t\t\t\t<a href=\"https:\/\/zaklada-zora.hr\/en\/2026\/03\/17\/zadar-domacin-prve-radionice-od-price-do-promjene-odrzivi-razvoj-u-praksi\/foto-za-webs-zadar-5\/\"><img loading=\"lazy\" decoding=\"async\" width=\"800\" height=\"600\" src=\"https:\/\/zaklada-zora.hr\/wp-content\/uploads\/2026\/03\/foto-za-webs-zadar-5-1024x768.jpg\" class=\"attachment-large size-large\" alt=\"\" srcset=\"https:\/\/zaklada-zora.hr\/wp-content\/uploads\/2026\/03\/foto-za-webs-zadar-5-1024x768.jpg 1024w, https:\/\/zaklada-zora.hr\/wp-content\/uploads\/2026\/03\/foto-za-webs-zadar-5-300x225.jpg 300w, https:\/\/zaklada-zora.hr\/wp-content\/uploads\/2026\/03\/foto-za-webs-zadar-5-768x576.jpg 768w, https:\/\/zaklada-zora.hr\/wp-content\/uploads\/2026\/03\/foto-za-webs-zadar-5-1536x1152.jpg 1536w, https:\/\/zaklada-zora.hr\/wp-content\/uploads\/2026\/03\/foto-za-webs-zadar-5-16x12.jpg 16w, https:\/\/zaklada-zora.hr\/wp-content\/uploads\/2026\/03\/foto-za-webs-zadar-5.jpg 2048w\" sizes=\"(max-width: 800px) 100vw, 800px\" \/><\/a>\n\t\t\t<\/div><\/figure><figure class='gallery-item'>\n\t\t\t<div class='gallery-icon landscape'>\n\t\t\t\t<a href=\"https:\/\/zaklada-zora.hr\/en\/2026\/03\/17\/zadar-domacin-prve-radionice-od-price-do-promjene-odrzivi-razvoj-u-praksi\/foto-za-webs-zadar-3\/\"><img loading=\"lazy\" decoding=\"async\" width=\"800\" height=\"451\" src=\"https:\/\/zaklada-zora.hr\/wp-content\/uploads\/2026\/03\/foto-za-webs-zadar-3-1024x577.jpg\" class=\"attachment-large size-large\" alt=\"\" srcset=\"https:\/\/zaklada-zora.hr\/wp-content\/uploads\/2026\/03\/foto-za-webs-zadar-3-1024x577.jpg 1024w, https:\/\/zaklada-zora.hr\/wp-content\/uploads\/2026\/03\/foto-za-webs-zadar-3-300x169.jpg 300w, https:\/\/zaklada-zora.hr\/wp-content\/uploads\/2026\/03\/foto-za-webs-zadar-3-768x432.jpg 768w, https:\/\/zaklada-zora.hr\/wp-content\/uploads\/2026\/03\/foto-za-webs-zadar-3-1536x865.jpg 1536w, https:\/\/zaklada-zora.hr\/wp-content\/uploads\/2026\/03\/foto-za-webs-zadar-3-2048x1153.jpg 2048w, https:\/\/zaklada-zora.hr\/wp-content\/uploads\/2026\/03\/foto-za-webs-zadar-3-18x10.jpg 18w\" sizes=\"(max-width: 800px) 100vw, 800px\" \/><\/a>\n\t\t\t<\/div><\/figure>\n\t\t<\/div>","protected":false},"excerpt":{"rendered":"<p>Zadar, o\u017eujak 2026. \u2013 U zadarskom IMPACT centru odr\u017eana je prva u nizu radionica koje \u0107e Zaklada za odr\u017eivi razvoj lokalnih zajednica i turizma organizirati u osam hrvatskih gradova u sklopu programa Potencijali zajednice. Tema radionice bio je odr\u017eivi razvoj u praksi \u2013 a polaznici su taj pojam iskusili na najkonkretniji mogu\u0107i na\u010din. Radionicu su [&hellip;]<\/p>","protected":false},"author":3,"featured_media":1127,"comment_status":"open","ping_status":"open","sticky":false,"template":"","format":"standard","meta":{"footnotes":""},"categories":[8],"tags":[],"class_list":["post-1123","post","type-post","status-publish","format-standard","has-post-thumbnail","hentry","category-stratesko-partnerstvo"],"_links":{"self":[{"href":"https:\/\/zaklada-zora.hr\/en\/wp-json\/wp\/v2\/posts\/1123","targetHints":{"allow":["GET"]}}],"collection":[{"href":"https:\/\/zaklada-zora.hr\/en\/wp-json\/wp\/v2\/posts"}],"about":[{"href":"https:\/\/zaklada-zora.hr\/en\/wp-json\/wp\/v2\/types\/post"}],"author":[{"embeddable":true,"href":"https:\/\/zaklada-zora.hr\/en\/wp-json\/wp\/v2\/users\/3"}],"replies":[{"embeddable":true,"href":"https:\/\/zaklada-zora.hr\/en\/wp-json\/wp\/v2\/comments?post=1123"}],"version-history":[{"count":8,"href":"https:\/\/zaklada-zora.hr\/en\/wp-json\/wp\/v2\/posts\/1123\/revisions"}],"predecessor-version":[{"id":1142,"href":"https:\/\/zaklada-zora.hr\/en\/wp-json\/wp\/v2\/posts\/1123\/revisions\/1142"}],"wp:featuredmedia":[{"embeddable":true,"href":"https:\/\/zaklada-zora.hr\/en\/wp-json\/wp\/v2\/media\/1127"}],"wp:attachment":[{"href":"https:\/\/zaklada-zora.hr\/en\/wp-json\/wp\/v2\/media?parent=1123"}],"wp:term":[{"taxonomy":"category","embeddable":true,"href":"https:\/\/zaklada-zora.hr\/en\/wp-json\/wp\/v2\/categories?post=1123"},{"taxonomy":"post_tag","embeddable":true,"href":"https:\/\/zaklada-zora.hr\/en\/wp-json\/wp\/v2\/tags?post=1123"}],"curies":[{"name":"wp","href":"https:\/\/api.w.org\/{rel}","templated":true}]}}