{"id":1119,"date":"2026-03-01T10:41:48","date_gmt":"2026-03-01T10:41:48","guid":{"rendered":"https:\/\/zaklada-zora.hr\/?p=1119"},"modified":"2026-03-05T10:50:45","modified_gmt":"2026-03-05T10:50:45","slug":"serija-radionica-u-sklopu-programa-potencijali-zajednice","status":"publish","type":"post","link":"https:\/\/zaklada-zora.hr\/en\/2026\/03\/01\/serija-radionica-u-sklopu-programa-potencijali-zajednice\/","title":{"rendered":"Serija radionica u sklopu programa Potencijali zajednice"},"content":{"rendered":"<p data-start=\"159\" data-end=\"500\">Tijekom ove godine Zaklada ZORA, u suradnji s i3.0 strate\u0161kim partnerima, provodit \u0107e seriju radionica u osam hrvatskih gradova: <strong data-start=\"289\" data-end=\"371\">Zadru, \u0160ibeniku, Karlovcu, Slunju, Dugoj Resi, Drni\u0161u, Biogradu na Moru i Pagu<\/strong>. Aktivnosti se odvijaju na podru\u010dju triju \u017eupanija, s ciljem ja\u010danja lokalnih kapaciteta i poticanja odr\u017eivog razvoja zajednica.<\/p>\n<p data-start=\"502\" data-end=\"677\">Program se provodi u okviru inicijative <strong data-start=\"542\" data-end=\"567\">Community Potentials<\/strong>, uz potporu Nacionalne zaklade za razvoj civilnoga dru\u0161tva, a ovo je ve\u0107 tre\u0107a godina provedbe i partnerstva.<\/p>\n<h3 data-start=\"679\" data-end=\"706\">Odr\u017eivi razvoj u fokusu<\/h3>\n<p data-start=\"708\" data-end=\"897\">Zaklada za odr\u017eivi razvoj lokalnih zajednica i turizma &#8211; ZORA u okviru programa provodi radionice pod nazivom <strong data-start=\"769\" data-end=\"820\">\u201eOd pri\u010de do promjene: odr\u017eivi razvoj u praksi\u201c<\/strong>, usmjerene na temu odr\u017eivog razvoja i odr\u017eivog turizma u lokalnom kontekstu.<\/p>\n<p data-start=\"899\" data-end=\"1224\">Radionice su osmi\u0161ljene kao interaktivan prostor za razmjenu iskustava, prepoznavanje potencijala zajednice i razvoj konkretnih ideja. Sudionici prolaze put od osobnih asocijacija i primjera dobre prakse, preko analize u\u010dinka na zajednicu, do zajedni\u010dkog osmi\u0161ljavanja prijedloga koji se mogu primijeniti u vlastitoj sredini.<\/p>\n<p data-start=\"1226\" data-end=\"1468\">Cilj radionica je otvoriti prostor za razgovor o odr\u017eivom razvoju kao svakodnevnoj i prakti\u010dnoj temi \u2013 povezanoj s kvalitetom \u017eivota, lokalnim gospodarstvom i turizmom, me\u0111ugeneracijskom suradnjom i dugoro\u010dnim razvojem mjesta u kojima \u017eivimo.<\/p>\n<h3 data-start=\"1470\" data-end=\"1495\">Radionice kroz godinu<\/h3>\n<p data-start=\"1497\" data-end=\"1806\">Svaka radionica bit \u0107e najavljena zasebno, s detaljima o lokaciji, vremenu odr\u017eavanja i na\u010dinu prijave. Program je namijenjen stanovnicima 8 gradova uklju\u010denih u program <em>Community Potentials<\/em> koji \u017eele aktivno sudjelovati u razvoju svoje zajednice \u2013 bez obzira dolaze li iz civilnog sektora, javnih institucija, poduzetni\u0161tva ili jednostavno kao zainteresirani gra\u0111ani.<\/p>\n<p data-start=\"1808\" data-end=\"1939\">Veselimo se susretima u gradovima partnerima i nastavku zajedni\u010dkog rada na prepoznavanju i razvoju potencijala lokalnih zajednica.<\/p>","protected":false},"excerpt":{"rendered":"<p>Tijekom ove godine Zaklada ZORA, u suradnji s i3.0 strate\u0161kim partnerima, provodit \u0107e seriju radionica u osam hrvatskih gradova: Zadru, \u0160ibeniku, Karlovcu, Slunju, Dugoj Resi, Drni\u0161u, Biogradu na Moru i Pagu. Aktivnosti se odvijaju na podru\u010dju triju \u017eupanija, s ciljem ja\u010danja lokalnih kapaciteta i poticanja odr\u017eivog razvoja zajednica. Program se provodi u okviru inicijative Potencijali [&hellip;]<\/p>","protected":false},"author":2,"featured_media":1121,"comment_status":"open","ping_status":"open","sticky":false,"template":"","format":"standard","meta":{"footnotes":""},"categories":[1],"tags":[],"class_list":["post-1119","post","type-post","status-publish","format-standard","has-post-thumbnail","hentry","category-uncategorized"],"_links":{"self":[{"href":"https:\/\/zaklada-zora.hr\/en\/wp-json\/wp\/v2\/posts\/1119","targetHints":{"allow":["GET"]}}],"collection":[{"href":"https:\/\/zaklada-zora.hr\/en\/wp-json\/wp\/v2\/posts"}],"about":[{"href":"https:\/\/zaklada-zora.hr\/en\/wp-json\/wp\/v2\/types\/post"}],"author":[{"embeddable":true,"href":"https:\/\/zaklada-zora.hr\/en\/wp-json\/wp\/v2\/users\/2"}],"replies":[{"embeddable":true,"href":"https:\/\/zaklada-zora.hr\/en\/wp-json\/wp\/v2\/comments?post=1119"}],"version-history":[{"count":1,"href":"https:\/\/zaklada-zora.hr\/en\/wp-json\/wp\/v2\/posts\/1119\/revisions"}],"predecessor-version":[{"id":1120,"href":"https:\/\/zaklada-zora.hr\/en\/wp-json\/wp\/v2\/posts\/1119\/revisions\/1120"}],"wp:featuredmedia":[{"embeddable":true,"href":"https:\/\/zaklada-zora.hr\/en\/wp-json\/wp\/v2\/media\/1121"}],"wp:attachment":[{"href":"https:\/\/zaklada-zora.hr\/en\/wp-json\/wp\/v2\/media?parent=1119"}],"wp:term":[{"taxonomy":"category","embeddable":true,"href":"https:\/\/zaklada-zora.hr\/en\/wp-json\/wp\/v2\/categories?post=1119"},{"taxonomy":"post_tag","embeddable":true,"href":"https:\/\/zaklada-zora.hr\/en\/wp-json\/wp\/v2\/tags?post=1119"}],"curies":[{"name":"wp","href":"https:\/\/api.w.org\/{rel}","templated":true}]}}