{"id":1116,"date":"2026-03-05T09:30:50","date_gmt":"2026-03-05T09:30:50","guid":{"rendered":"https:\/\/zaklada-zora.hr\/?p=1116"},"modified":"2026-03-05T09:31:26","modified_gmt":"2026-03-05T09:31:26","slug":"najava-radionice-od-price-do-promjene-odrzivi-razvoj-u-praksi","status":"publish","type":"post","link":"https:\/\/zaklada-zora.hr\/en\/2026\/03\/05\/najava-radionice-od-price-do-promjene-odrzivi-razvoj-u-praksi\/","title":{"rendered":"Najava RADIONICE: Od pri\u010de do promjene &#8211; odr\u017eivi razvoj u praksi"},"content":{"rendered":"<p data-start=\"141\" data-end=\"263\">Kako odr\u017eivi razvoj izgleda u stvarnom \u017eivotu? Kako ideju pretvoriti u konkretnu inicijativu koja donosi korist zajednici?<\/p>\n<p data-start=\"265\" data-end=\"573\">Radionica <strong data-start=\"275\" data-end=\"326\">\u201eOd pri\u010de do promjene: odr\u017eivi razvoj u praksi\u201c<\/strong> vodi sudionike kroz proces razumijevanja i oblikovanja odr\u017eivih rje\u0161enja \u2013 od osobnih asocijacija i inspirativnih primjera dobre prakse, preko analize u\u010dinka na lokalnu zajednicu, do zajedni\u010dkog osmi\u0161ljavanja konkretnih ideja za vlastitu sredinu.<\/p>\n<p data-start=\"575\" data-end=\"620\">Kroz interaktivne metode rada sudionici \u0107e:<\/p>\n<ul data-start=\"621\" data-end=\"823\">\n<li data-start=\"621\" data-end=\"676\">\n<p data-start=\"623\" data-end=\"676\">preispitati vlastito razumijevanje odr\u017eivog razvoja<\/p>\n<\/li>\n<li data-start=\"677\" data-end=\"725\">\n<p data-start=\"679\" data-end=\"725\">upoznati primjere koji poti\u010du lokalni razvoj<\/p>\n<\/li>\n<li data-start=\"726\" data-end=\"774\">\n<p data-start=\"728\" data-end=\"774\">razraditi ideje prilago\u0111ene svojoj zajednici<\/p>\n<\/li>\n<li data-start=\"775\" data-end=\"823\">\n<p data-start=\"777\" data-end=\"823\">dobiti prakti\u010dne smjernice za daljnje korake<\/p>\n<\/li>\n<\/ul>\n<p data-start=\"825\" data-end=\"1055\">Radionica je namijenjena svima koji \u017eele aktivno doprinositi odr\u017eivom razvoju svoje zajednice \u2013 bez obzira dolaze li iz civilnog, javnog ili privatnog sektora, ili jednostavno \u017eele biti pokreta\u010di pozitivnih promjena u svom mjestu.<\/p>\n<p data-start=\"825\" data-end=\"1055\">Prva u nizu radionica odr\u017eat \u0107e se <strong data-start=\"1079\" data-end=\"1118\">13. o\u017eujka u Zadru, u IMPACT centru<\/strong>.<\/p>\n<p data-start=\"825\" data-end=\"1055\"><strong>Prijave su otvorene putem sljede\u0107eg linka<\/strong> (za sudionike s podru\u010dja Zadra): <a href=\"https:\/\/www.financijskepodrske.hr\/events\/detalji?rad=tjWgX0SeMsnag3Qy304YhIMIhUnX9Sa41Fo0QEyFYQ%3D%3D\" target=\"_blank\" rel=\"noopener\">RADIONICA Zadar &#8211; Od pri\u010de do promjene<\/a><\/p>\n<h3 data-start=\"1062\" data-end=\"1073\">Program<\/h3>\n<p data-start=\"1075\" data-end=\"1116\"><strong data-start=\"1075\" data-end=\"1090\">9:00 \u2013 9:15<\/strong> | Uvodno predstavljanje<\/p>\n<p data-start=\"1118\" data-end=\"1206\"><strong data-start=\"1118\" data-end=\"1134\">9:15 \u2013 10:00<\/strong> | \u0160to je odr\u017eivi razvoj?<br data-start=\"1159\" data-end=\"1162\" \/>Upitnik, diskusija i primjeri dobre prakse<\/p>\n<p data-start=\"1208\" data-end=\"1235\"><strong data-start=\"1208\" data-end=\"1225\">10:00 \u2013 10:15<\/strong> | Pauza<\/p>\n<p data-start=\"1237\" data-end=\"1286\"><strong data-start=\"1237\" data-end=\"1254\">10:15 \u2013 10:30<\/strong> | Analiza u\u010dinka na zajednicu<\/p>\n<p data-start=\"1288\" data-end=\"1358\"><strong data-start=\"1288\" data-end=\"1305\">10:30 \u2013 11:30<\/strong> | Interaktivni rad: \u201eMapa ideja za moju zajednicu\u201d<\/p>\n<p data-start=\"1360\" data-end=\"1387\"><strong data-start=\"1360\" data-end=\"1377\">11:30 \u2013 11:50<\/strong> | Pauza<\/p>\n<p data-start=\"1389\" data-end=\"1446\"><strong data-start=\"1389\" data-end=\"1406\">11:50 \u2013 12:30<\/strong> | Prezentacija rezultata grupnog rada<\/p>\n<p data-start=\"1389\" data-end=\"1446\">","protected":false},"excerpt":{"rendered":"<p>Kako odr\u017eivi razvoj izgleda u stvarnom \u017eivotu? Kako ideju pretvoriti u konkretnu inicijativu koja donosi korist zajednici? Radionica \u201eOd pri\u010de do promjene: odr\u017eivi razvoj u praksi\u201c vodi sudionike kroz proces razumijevanja i oblikovanja odr\u017eivih rje\u0161enja \u2013 od osobnih asocijacija i inspirativnih primjera dobre prakse, preko analize u\u010dinka na lokalnu zajednicu, do zajedni\u010dkog osmi\u0161ljavanja konkretnih ideja [&hellip;]<\/p>","protected":false},"author":3,"featured_media":778,"comment_status":"open","ping_status":"open","sticky":false,"template":"","format":"standard","meta":{"footnotes":""},"categories":[8],"tags":[],"class_list":["post-1116","post","type-post","status-publish","format-standard","has-post-thumbnail","hentry","category-stratesko-partnerstvo"],"_links":{"self":[{"href":"https:\/\/zaklada-zora.hr\/en\/wp-json\/wp\/v2\/posts\/1116","targetHints":{"allow":["GET"]}}],"collection":[{"href":"https:\/\/zaklada-zora.hr\/en\/wp-json\/wp\/v2\/posts"}],"about":[{"href":"https:\/\/zaklada-zora.hr\/en\/wp-json\/wp\/v2\/types\/post"}],"author":[{"embeddable":true,"href":"https:\/\/zaklada-zora.hr\/en\/wp-json\/wp\/v2\/users\/3"}],"replies":[{"embeddable":true,"href":"https:\/\/zaklada-zora.hr\/en\/wp-json\/wp\/v2\/comments?post=1116"}],"version-history":[{"count":2,"href":"https:\/\/zaklada-zora.hr\/en\/wp-json\/wp\/v2\/posts\/1116\/revisions"}],"predecessor-version":[{"id":1118,"href":"https:\/\/zaklada-zora.hr\/en\/wp-json\/wp\/v2\/posts\/1116\/revisions\/1118"}],"wp:featuredmedia":[{"embeddable":true,"href":"https:\/\/zaklada-zora.hr\/en\/wp-json\/wp\/v2\/media\/778"}],"wp:attachment":[{"href":"https:\/\/zaklada-zora.hr\/en\/wp-json\/wp\/v2\/media?parent=1116"}],"wp:term":[{"taxonomy":"category","embeddable":true,"href":"https:\/\/zaklada-zora.hr\/en\/wp-json\/wp\/v2\/categories?post=1116"},{"taxonomy":"post_tag","embeddable":true,"href":"https:\/\/zaklada-zora.hr\/en\/wp-json\/wp\/v2\/tags?post=1116"}],"curies":[{"name":"wp","href":"https:\/\/api.w.org\/{rel}","templated":true}]}}