{"id":1012,"date":"2025-09-25T21:15:39","date_gmt":"2025-09-25T21:15:39","guid":{"rendered":"https:\/\/zaklada-zora.hr\/?p=1012"},"modified":"2025-09-25T21:15:39","modified_gmt":"2025-09-25T21:15:39","slug":"europski-dan-filantropije-u-ozlju","status":"publish","type":"post","link":"https:\/\/zaklada-zora.hr\/en\/2025\/09\/25\/europski-dan-filantropije-u-ozlju\/","title":{"rendered":"Europski dan filantropije u Ozlju"},"content":{"rendered":"<p data-start=\"111\" data-end=\"311\">U utorak, 30. rujna 2025., od 9:00 do 13:00 sati, u <a href=\"https:\/\/centar-ozalj.hr\/\" target=\"_blank\" rel=\"noopener\">Centru za pru\u017eanje usluga u zajednici Ozalj<\/a> \u2013 Ja\u0161kovo odr\u017eat \u0107e se obilje\u017eavanje <strong data-start=\"244\" data-end=\"308\">Europskog dana filantropije u Ozlju<\/strong>.<\/p>\n<p data-start=\"313\" data-end=\"724\">Europski dan filantropije i zakladni\u0161tva<strong data-start=\"244\" data-end=\"308\"> \u2013 #October1Europe\u00a0<\/strong>prilika je da se diljem Europe prepozna uloga zaklada u poticanju inovacija, ja\u010danju kulture solidarnosti, za\u0161titi ljudskih prava i okoli\u0161a te izgradnji odr\u017eivih i uklju\u010divih zajednica.<\/p>\n<p data-start=\"313\" data-end=\"724\">Ovogodi\u0161nja tema, <em data-start=\"558\" data-end=\"597\">\u201cTowards equality as a lived reality\u201d<\/em>, poziva nas da jednakost sagledamo ne samo kao ideal, ve\u0107 kao svakodnevnu stvarnost koju gradimo kroz konkretne inicijative.<\/p>\n<p data-start=\"726\" data-end=\"763\"><strong data-start=\"729\" data-end=\"761\">Program doga\u0111anja uklju\u010duje:<\/strong><\/p>\n<ul data-start=\"764\" data-end=\"1034\">\n<li data-start=\"764\" data-end=\"815\">\n<p data-start=\"766\" data-end=\"815\">interaktivno dru\u017eenje djece i korisnika Centra,<\/p>\n<\/li>\n<li data-start=\"816\" data-end=\"861\">\n<p data-start=\"818\" data-end=\"861\">radionicu pripreme \u0161trudle i degustaciju,<\/p>\n<\/li>\n<li data-start=\"862\" data-end=\"895\">\n<p data-start=\"864\" data-end=\"895\">radionicu prirodne kozmetike,<\/p>\n<\/li>\n<li data-start=\"896\" data-end=\"918\">\n<p data-start=\"898\" data-end=\"918\">likovnu radionicu,<\/p>\n<\/li>\n<li data-start=\"919\" data-end=\"944\">\n<p data-start=\"921\" data-end=\"944\">razgovornu radionicu,<\/p>\n<\/li>\n<li data-start=\"945\" data-end=\"1034\">\n<p data-start=\"947\" data-end=\"1034\">te protokolarni dio s predajom simboli\u010dnih poklona korisnicima i djelatnicima Centra.<\/p>\n<\/li>\n<\/ul>\n<p data-start=\"1036\" data-end=\"1182\">Sudionici doga\u0111anja bit \u0107e korisnici i djelatnici Centra, u\u010denici <a href=\"https:\/\/os-slava-raskaj-ozalj.skole.hr\/\" target=\"_blank\" rel=\"noopener\">O\u0160 Slava Ra\u0161kaj Ozalj<\/a> \u2013 volonterski klub \u201eKrug\u201c, te predstavnice Zaklade ZORA.<\/p>\n<p data-start=\"1184\" data-end=\"1449\">Ovaj doga\u0111aj dio je <a href=\"https:\/\/www.zadobrobit.hr\/hr\/dobre-vijesti\/obiljezavanje-europskog-dana-filantropije-i-zakladnistva-1.-listopada-i-tjedan-filantropije-2025.html\" target=\"_blank\" rel=\"noopener\"><strong data-start=\"1204\" data-end=\"1259\">nacionalnog obilje\u017eavanja Tjedna filantropije 2025.<\/strong><\/a>, u organizaciji Nacionalne zaklade za razvoj civilnoga dru\u0161tva, u suradnji s Europskom zakladom za filantropiju i dru\u0161tveni razvoj kao koordinatorom <strong>Hrvatskog foruma zaklada ZaDobro.BIT!<\/strong>.<\/p>","protected":false},"excerpt":{"rendered":"<p>U utorak, 30. rujna 2025., od 9:00 do 13:00 sati, u Centru za pru\u017eanje usluga u zajednici Ozalj \u2013 Ja\u0161kovo odr\u017eat \u0107e se obilje\u017eavanje Europskog dana filantropije u Ozlju. Europski dan filantropije i zakladni\u0161tva \u2013 #October1Europe\u00a0prilika je da se diljem Europe prepozna uloga zaklada u poticanju inovacija, ja\u010danju kulture solidarnosti, za\u0161titi ljudskih prava i okoli\u0161a [&hellip;]<\/p>","protected":false},"author":3,"featured_media":994,"comment_status":"open","ping_status":"open","sticky":false,"template":"","format":"standard","meta":{"footnotes":""},"categories":[1],"tags":[],"class_list":["post-1012","post","type-post","status-publish","format-standard","has-post-thumbnail","hentry","category-uncategorized"],"_links":{"self":[{"href":"https:\/\/zaklada-zora.hr\/en\/wp-json\/wp\/v2\/posts\/1012","targetHints":{"allow":["GET"]}}],"collection":[{"href":"https:\/\/zaklada-zora.hr\/en\/wp-json\/wp\/v2\/posts"}],"about":[{"href":"https:\/\/zaklada-zora.hr\/en\/wp-json\/wp\/v2\/types\/post"}],"author":[{"embeddable":true,"href":"https:\/\/zaklada-zora.hr\/en\/wp-json\/wp\/v2\/users\/3"}],"replies":[{"embeddable":true,"href":"https:\/\/zaklada-zora.hr\/en\/wp-json\/wp\/v2\/comments?post=1012"}],"version-history":[{"count":2,"href":"https:\/\/zaklada-zora.hr\/en\/wp-json\/wp\/v2\/posts\/1012\/revisions"}],"predecessor-version":[{"id":1014,"href":"https:\/\/zaklada-zora.hr\/en\/wp-json\/wp\/v2\/posts\/1012\/revisions\/1014"}],"wp:featuredmedia":[{"embeddable":true,"href":"https:\/\/zaklada-zora.hr\/en\/wp-json\/wp\/v2\/media\/994"}],"wp:attachment":[{"href":"https:\/\/zaklada-zora.hr\/en\/wp-json\/wp\/v2\/media?parent=1012"}],"wp:term":[{"taxonomy":"category","embeddable":true,"href":"https:\/\/zaklada-zora.hr\/en\/wp-json\/wp\/v2\/categories?post=1012"},{"taxonomy":"post_tag","embeddable":true,"href":"https:\/\/zaklada-zora.hr\/en\/wp-json\/wp\/v2\/tags?post=1012"}],"curies":[{"name":"wp","href":"https:\/\/api.w.org\/{rel}","templated":true}]}}