{"id":1003,"date":"2025-08-22T20:45:03","date_gmt":"2025-08-22T20:45:03","guid":{"rendered":"https:\/\/zaklada-zora.hr\/?p=1003"},"modified":"2025-08-25T20:59:04","modified_gmt":"2025-08-25T20:59:04","slug":"poziv-za-iskaz-interesa-udrugama-s-podrucja-karlovacke-zupanije-za-sudjelovanje-na-strudlafestu-2025","status":"publish","type":"post","link":"https:\/\/zaklada-zora.hr\/en\/2025\/08\/22\/poziv-za-iskaz-interesa-udrugama-s-podrucja-karlovacke-zupanije-za-sudjelovanje-na-strudlafestu-2025\/","title":{"rendered":"Poziv za iskaz interesa udrugama s podru\u010dja Karlova\u010dke \u017eupanije za sudjelovanje na \u0160trudlafestu 2025."},"content":{"rendered":"<p>Zaklada za odr\u017eivi razvoj lokalnih zajednica i turizma ZORA kao suorganizator obaranja Guinnessovog rekorda u sklopu \u0160trudlafesta 2025. poziva udruge s podru\u010dja Karlova\u010dke \u017eupanije koje se bave humanitarnim radom i\/ili pru\u017eanjem socijalnih usluga da se prijave za sudjelovanje na doga\u0111aju \u0160trudlafest 2025. <strong>u Ja\u0161kovu, 6. rujna 2025.<\/strong>, u sklopu kojeg \u0107e biti postavljena linija \u0161trudli duga\u010dka 3 kilometra s ciljem poku\u0161aja obaranja svjetskog rekorda.<\/p>\n<p>Nakon slu\u017ebenog mjerenja, dio \u0161trudle bit \u0107e ustupljen prijavljenim udrugama radi prikupljanja dobrovoljnih priloga za njihove programske aktivnosti od op\u0107ekorisnog interesa.<\/p>\n<p><strong>Organizatori osiguravaju:<\/strong><br \/>\n\u2022 prostor i stolove za predstavljanje rada najvi\u0161e 3 udruge registrirane u Karlova\u010dkoj \u017eupaniji<br \/>\n\u2022 dodjelu dijela \u0161trudle za podr\u0161ku promocije rada udruga<\/p>\n<p><strong>Obveze udruge:<\/strong><br \/>\n\u2022 pripremiti donacijske kutije<br \/>\n\u2022 osigurati dovoljan broj osoba za promociju rada udruga<br \/>\n\u2022 po zavr\u0161etku o\u010distiti prostor<br \/>\n\u2022 koristiti prikupljena sredstva isklju\u010divo za programske aktivnosti od op\u0107ekorisnog interesa<br \/>\n\u2022 dostaviti Zakladi ZORA pisano izvje\u0161\u0107e o iznosu prikupljenih priloga i njihovoj namjeni u roku od 3 dana<\/p>\n<p><strong>Uvjeti prijave:<\/strong><br \/>\n\u2022 Udruga mora biti registrirana i ispunjavati sve zakonske obveze<br \/>\n\u2022 Udruga samostalno osigurava zakonitost prikupljanja priloga i vo\u0111enje evidencija sukladno propisima<\/p>\n<p><strong>Rok za prijavu:<\/strong> 29. kolovoza 2025.<\/p>\n<p><strong>Na\u010din prijave:<\/strong> Ispunjen <a href=\"https:\/\/forms.gle\/t5f8mD6Pqk9LY8p86\" target=\"_blank\" rel=\"noopener\">Google forms obrazac<\/a><\/p>","protected":false},"excerpt":{"rendered":"<p>Zaklada za odr\u017eivi razvoj lokalnih zajednica i turizma ZORA kao suorganizator obaranja Guinnessovog rekorda u sklopu \u0160trudlafesta 2025. poziva udruge s podru\u010dja Karlova\u010dke \u017eupanije koje se bave humanitarnim radom i\/ili pru\u017eanjem socijalnih usluga da se prijave za sudjelovanje na doga\u0111aju \u0160trudlafest 2025. u Ja\u0161kovu, 6. rujna 2025., u sklopu kojeg \u0107e biti postavljena linija \u0161trudli [&hellip;]<\/p>","protected":false},"author":3,"featured_media":1004,"comment_status":"open","ping_status":"open","sticky":false,"template":"","format":"standard","meta":{"footnotes":""},"categories":[1],"tags":[],"class_list":["post-1003","post","type-post","status-publish","format-standard","has-post-thumbnail","hentry","category-uncategorized"],"_links":{"self":[{"href":"https:\/\/zaklada-zora.hr\/en\/wp-json\/wp\/v2\/posts\/1003","targetHints":{"allow":["GET"]}}],"collection":[{"href":"https:\/\/zaklada-zora.hr\/en\/wp-json\/wp\/v2\/posts"}],"about":[{"href":"https:\/\/zaklada-zora.hr\/en\/wp-json\/wp\/v2\/types\/post"}],"author":[{"embeddable":true,"href":"https:\/\/zaklada-zora.hr\/en\/wp-json\/wp\/v2\/users\/3"}],"replies":[{"embeddable":true,"href":"https:\/\/zaklada-zora.hr\/en\/wp-json\/wp\/v2\/comments?post=1003"}],"version-history":[{"count":5,"href":"https:\/\/zaklada-zora.hr\/en\/wp-json\/wp\/v2\/posts\/1003\/revisions"}],"predecessor-version":[{"id":1009,"href":"https:\/\/zaklada-zora.hr\/en\/wp-json\/wp\/v2\/posts\/1003\/revisions\/1009"}],"wp:featuredmedia":[{"embeddable":true,"href":"https:\/\/zaklada-zora.hr\/en\/wp-json\/wp\/v2\/media\/1004"}],"wp:attachment":[{"href":"https:\/\/zaklada-zora.hr\/en\/wp-json\/wp\/v2\/media?parent=1003"}],"wp:term":[{"taxonomy":"category","embeddable":true,"href":"https:\/\/zaklada-zora.hr\/en\/wp-json\/wp\/v2\/categories?post=1003"},{"taxonomy":"post_tag","embeddable":true,"href":"https:\/\/zaklada-zora.hr\/en\/wp-json\/wp\/v2\/tags?post=1003"}],"curies":[{"name":"wp","href":"https:\/\/api.w.org\/{rel}","templated":true}]}}